{"id":19346,"date":"2024-07-16T11:22:45","date_gmt":"2024-07-16T11:22:45","guid":{"rendered":"https:\/\/greenmax.eu\/gruen-oder-grau-im-oeffentlichen-raum-muss-das-eine-wahl-sein\/"},"modified":"2024-07-16T13:42:22","modified_gmt":"2024-07-16T13:42:22","slug":"gruen-oder-grau-im-oeffentlichen-raum-muss-das-eine-wahl-sein","status":"publish","type":"post","link":"https:\/\/greenmax.eu\/de\/gruen-oder-grau-im-oeffentlichen-raum-muss-das-eine-wahl-sein\/","title":{"rendered":"Gr\u00fcn oder Grau im \u00f6ffentlichen Raum: Muss das eine Wahl sein?"},"content":{"rendered":"<p><span style=\"font-size: 75%;\">Datum: 16.07.2024<\/span><\/p>\n<p><strong>Im vergangenen Monat wurde ein Bericht der <a href=\"http:\/\/groenestadchallenge.nl\/hoofddorp-en-nijeveen-kampioen-vergroenen\/\" target=\"_blank\" rel=\"noopener\">Green City Challenge<\/a> ver\u00f6ffentlicht, der zeigt, dass die Begr\u00fcnung in vielen niederl\u00e4ndischen St\u00e4dten und D\u00f6rfern abnimmt. Es geht hierbei um die Begr\u00fcnung st\u00e4dtischer Lebensr\u00e4ume wie \u00f6ffentliche Gr\u00fcnfl\u00e4chen und G\u00e4rten. Der Bericht \u201e<a href=\"https:\/\/rekenkamer.rotterdam.nl\/onderzoeken\/zorg-voor-groen\/\" target=\"_blank\" rel=\"noopener\">Sorge f\u00fcr Gr\u00fcn<\/a>\u201c der Rotterdamer Rechnungspr\u00fcfungskammer zeigt, dass der Wunsch, St\u00e4dte zu begr\u00fcnen, gro\u00df ist, aber es stehen zu wenig finanzielle Mittel zur Verf\u00fcgung. Zudem denken die st\u00e4dtischen Abteilungen zu stark aus ihren eigenen Bezugsrahmen heraus, anstatt zusammenzuarbeiten. Besorgniserregende Entwicklungen, wenn man die zunehmende Klimaver\u00e4nderung betrachtet.<\/strong><\/p>\n<h3><span style=\"font-size: 100%;\"><strong>Mehr Fliesen, weniger Gr\u00fcn<\/strong><\/span><\/h3>\n<p>Der Bericht der Green City Challenge zeigt, dass der Anteil an Fliesen und Asphalt im niederl\u00e4ndischen \u00f6ffentlichen Raum um 0,5% zunimmt. Gleichzeitig schrumpft der Anteil an privaten und \u00f6ffentlichen Gr\u00fcnfl\u00e4chen um 2,6%. Es gibt einen leichten Anstieg bei Str\u00e4uchern um 0,3%, aber die Baumkronenbedeckung ist um 0,6% zur\u00fcckgegangen. Nur 15% der St\u00e4dte sind mit B\u00e4umen bedeckt. Das liegt weit unter den 30%, die die 3-30-300-Regel* vorschreibt. Aufgrund des Bev\u00f6lkerungswachstums hat sich die Anzahl der Quadratmeter Gr\u00fcnfl\u00e4che pro Einwohner drastisch verringert. Dies gilt sowohl f\u00fcr das \u00f6ffentliche Gr\u00fcn pro Einwohner, das um 8% gesunken ist, als auch f\u00fcr das gesamte Gr\u00fcn pro Einwohner, das um 19% abgenommen hat. Laut der <a href=\"https:\/\/platform.duic.nl\/app\/uploads\/sites\/2\/2024\/06\/20240611-Rekenkamerrapport_Vergroening-van-droom-naar-daad.pdf\" target=\"_blank\" rel=\"noopener\">Utrechter Rechnungspr\u00fcfungskammer<\/a> ist die Anzahl der Haushalte in Utrecht in den letzten 7 Jahren um etwa 7% gestiegen. Gleichzeitig nahm die Gr\u00fcnfl\u00e4che nur um 2,5% zu, was bedeutet, dass netto weniger Gr\u00fcnfl\u00e4che in der Umgebung vorhanden ist. Kurz gesagt, viele Tausend Quadratmeter wertvoller Gr\u00fcnfl\u00e4che sind verloren gegangen.<\/p>\n\t<div id=\"gap-1022380240\" class=\"gap-element clearfix\" style=\"display:block; height:auto;\">\n\t\t\n<style>\n#gap-1022380240 {\n  padding-top: 30px;\n}\n<\/style>\n\t<\/div>\n\t\n<div class=\"row\"  id=\"row-1667822324\">\n\n\t<div id=\"col-790620088\" class=\"col small-12 large-12\"  >\n\t\t\t\t<div class=\"col-inner\" style=\"background-color:rgb(228, 237, 209);\" >\n\t\t\t\n\t\t\t\n<p><strong>*3-30-300-Regel<\/strong><br \/>3-Regel: In der N\u00e4he jedes Hauses, jeder Schule oder jeden Arbeitsplatzes stehen mindestens 3 ausgewachsene B\u00e4ume. 30-Regel: Jedes Viertel hat mindestens 30% Baumkronenbedeckung und damit Schatten und K\u00fchlung. 300-Regel: Von jedem Haus, jeder Schule oder jedem Arbeitsplatz aus gibt es innerhalb von 300 Metern einen Park, in dem man sich aufhalten und erholen kann.<\/p>\n\t\t<\/div>\n\t\t\t\t\n<style>\n#col-790620088 > .col-inner {\n  padding: 20px 40px 20px 40px;\n  border-radius: 20px;\n}\n<\/style>\n\t<\/div>\n\n\t\n<\/div>\n\t<div class=\"img has-hover x md-x lg-x y md-y lg-y\" id=\"image_1172884169\">\n\t\t\t\t\t\t\t\t<div class=\"img-inner dark\" >\n\t\t\t<img loading=\"lazy\" decoding=\"async\" width=\"1020\" height=\"638\" src=\"https:\/\/greenmax.eu\/wp-content\/uploads\/2024\/07\/Groen-en-grijs-openbare-ruimte-Blog-GreenMax-1280x800.jpg\" class=\"attachment-large size-large\" alt=\"Groen en grijs openbare ruimte - Blog GreenMax\" srcset=\"https:\/\/greenmax.eu\/wp-content\/uploads\/2024\/07\/Groen-en-grijs-openbare-ruimte-Blog-GreenMax-1280x800.jpg 1280w, https:\/\/greenmax.eu\/wp-content\/uploads\/2024\/07\/Groen-en-grijs-openbare-ruimte-Blog-GreenMax-640x400.jpg 640w, https:\/\/greenmax.eu\/wp-content\/uploads\/2024\/07\/Groen-en-grijs-openbare-ruimte-Blog-GreenMax-300x188.jpg 300w, https:\/\/greenmax.eu\/wp-content\/uploads\/2024\/07\/Groen-en-grijs-openbare-ruimte-Blog-GreenMax-768x480.jpg 768w, https:\/\/greenmax.eu\/wp-content\/uploads\/2024\/07\/Groen-en-grijs-openbare-ruimte-Blog-GreenMax-1536x960.jpg 1536w, https:\/\/greenmax.eu\/wp-content\/uploads\/2024\/07\/Groen-en-grijs-openbare-ruimte-Blog-GreenMax.jpg 1920w\" sizes=\"auto, (max-width: 1020px) 100vw, 1020px\" \/>\t\t\t\t\t\t\n\t\t\t\t\t<\/div>\n\t\t\t\t\t\t\t\t\n<style>\n#image_1172884169 {\n  width: 100%;\n}\n<\/style>\n\t<\/div>\n\t\n<p><em><span style=\"font-size: 85%;\">Der Bericht der Green City Challenge zeigt, dass der Anteil an Fliesen und Asphalt im \u00f6ffentlichen Raum um 0,5% zunimmt, w\u00e4hrend der Anteil an \u00f6ffentlichem und privatem Gr\u00fcn um 2,6% schrumpft.<\/span><\/em><\/p>\n\t<div id=\"gap-1920889082\" class=\"gap-element clearfix\" style=\"display:block; height:auto;\">\n\t\t\n<style>\n#gap-1920889082 {\n  padding-top: 20px;\n}\n<\/style>\n\t<\/div>\n\t\n<h3><strong>Bebauung vs. Begr\u00fcnung<\/strong><\/h3>\n<p>Zahlen von <a href=\"https:\/\/primos.abfresearch.nl\/dashboard\/dashboard\/woningtekort\" target=\"_blank\" rel=\"noopener\">ABF Research<\/a> zeigen, dass es im Jahr 2023 in den Niederlanden einen Mangel von 390.000 Wohnungen gibt. Die Forscher haben das Bev\u00f6lkerungswachstum und den erwarteten Wohnungsbau untersucht. Der Wohnungsmangel ist stark gestiegen, weil die Anzahl der Haushalte in den Niederlanden schneller zunimmt als gedacht. Das liegt laut ABF gr\u00f6\u00dftenteils an der Ankunft ukrainischer Fl\u00fcchtlinge. Es gibt auch weniger Pl\u00e4tze in Pflegeheimen, sodass \u00e4ltere Menschen l\u00e4nger in ihrem Haus bleiben. Um die Wohnungsnot zu l\u00f6sen, m\u00fcssen zus\u00e4tzliche Wohnungen gebaut werden. In der Praxis wird dies bedeuten, dass Gr\u00fcn f\u00fcr Grau weichen muss. Obwohl Gr\u00fcnfl\u00e4chen in \u00f6ffentlichen Bereichen und G\u00e4rten bereits unter Druck stehen.<\/p>\n\t<div class=\"img has-hover x md-x lg-x y md-y lg-y\" id=\"image_1164286964\">\n\t\t\t\t\t\t\t\t<div class=\"img-inner dark\" >\n\t\t\t<img loading=\"lazy\" decoding=\"async\" width=\"1020\" height=\"638\" src=\"https:\/\/greenmax.eu\/wp-content\/uploads\/2024\/07\/Groen-en-grijs-in-de-openbare-ruimte-Blog-GreenMax-1280x800.jpg\" class=\"attachment-large size-large\" alt=\"Groen en grijs in de openbare ruimte - Blog GreenMax\" srcset=\"https:\/\/greenmax.eu\/wp-content\/uploads\/2024\/07\/Groen-en-grijs-in-de-openbare-ruimte-Blog-GreenMax-1280x800.jpg 1280w, https:\/\/greenmax.eu\/wp-content\/uploads\/2024\/07\/Groen-en-grijs-in-de-openbare-ruimte-Blog-GreenMax-640x400.jpg 640w, https:\/\/greenmax.eu\/wp-content\/uploads\/2024\/07\/Groen-en-grijs-in-de-openbare-ruimte-Blog-GreenMax-300x188.jpg 300w, https:\/\/greenmax.eu\/wp-content\/uploads\/2024\/07\/Groen-en-grijs-in-de-openbare-ruimte-Blog-GreenMax-768x480.jpg 768w, https:\/\/greenmax.eu\/wp-content\/uploads\/2024\/07\/Groen-en-grijs-in-de-openbare-ruimte-Blog-GreenMax-1536x960.jpg 1536w, https:\/\/greenmax.eu\/wp-content\/uploads\/2024\/07\/Groen-en-grijs-in-de-openbare-ruimte-Blog-GreenMax.jpg 1920w\" sizes=\"auto, (max-width: 1020px) 100vw, 1020px\" \/>\t\t\t\t\t\t\n\t\t\t\t\t<\/div>\n\t\t\t\t\t\t\t\t\n<style>\n#image_1164286964 {\n  width: 100%;\n}\n<\/style>\n\t<\/div>\n\t\n<p><em><span style=\"font-size: 85%;\">Gr\u00fcn macht Platz f\u00fcr Grau, um die Wohnungsnot zu l\u00f6sen<\/span><\/em><\/p>\n\t<div id=\"gap-1840531864\" class=\"gap-element clearfix\" style=\"display:block; height:auto;\">\n\t\t\n<style>\n#gap-1840531864 {\n  padding-top: 20px;\n}\n<\/style>\n\t<\/div>\n\t\n<h3><strong>Gemeinsames Interesse von Gr\u00fcn und Grau<\/strong><\/h3>\n<p>Oft sprechen wir \u00fcber \u201eGr\u00fcn oder Grau\u201c, als ob es Gegens\u00e4tze w\u00e4ren. Auf den ersten Blick sind die Gr\u00fcn- und Infrastruktursektoren tats\u00e4chlich zwei v\u00f6llig unterschiedliche Welten. Der Gr\u00fcnsektor konzentriert sich haupts\u00e4chlich auf die Schaffung und Pflege von Gr\u00fcnfl\u00e4chen mit dem Ziel, eine gr\u00fcne Lebensumgebung zu f\u00f6rdern und die Biodiversit\u00e4t zu verbessern. Der Infrastruktursektor hingegen konzentriert sich auf die Entwicklung und Instandhaltung physischer Strukturen, um die Sicherheit, das Wohlbefinden in der Gesellschaft und das Wirtschaftswachstum zu unterst\u00fctzen. Trotz der Unterschiede zwischen diesen Sektoren treffen sie sich in einem wichtigen gemeinsamen Wert: die Verbesserung der Qualit\u00e4t unserer Lebensumgebung. Beide Sektoren sind unerl\u00e4sslich, um dieses gemeinsame Ziel zu erreichen.<\/p>\n<h3><strong>Kosteneffizientes Gr\u00fcn <\/strong><\/h3>\n<p>Die Investition in die richtigen Werkzeuge f\u00fcr B\u00e4ume in bebauten Umgebungen bringt langfristig erhebliche Einsparungen bei Zeit, Arbeit und Wartungskosten. Wenn B\u00e4ume von Anfang an die richtige Unterst\u00fctzung erhalten, ist die Wahrscheinlichkeit h\u00f6her, dass sie zu gro\u00dfen, starken und gesunden B\u00e4umen heranwachsen. Dies verringert das Risiko von Krankheiten und fr\u00fchzeitigem Ausfall, sodass die B\u00e4ume nicht st\u00e4ndig ersetzt werden m\u00fcssen oder intensive Pflege erfordern. Dar\u00fcber hinaus verhindern diese Ma\u00dfnahmen Sch\u00e4den an der umliegenden Infrastruktur, wie Wurzelaufbr\u00fcche und kaputte Kabel und Leitungen durch Wurzelwachstum. Dies verhindert gef\u00e4hrliche Verkehrssituationen und exorbitante Reparaturkosten. Durch sorgf\u00e4ltige Planung und Investitionen in die Lebensf\u00e4higkeit von Gr\u00fcnfl\u00e4chen in bebauten Umgebungen k\u00f6nnen St\u00e4dte langfristig effizienter und kosteng\u00fcnstiger arbeiten.<\/p>\n\t<div class=\"img has-hover x md-x lg-x y md-y lg-y\" id=\"image_1470677434\">\n\t\t\t\t\t\t\t\t<div class=\"img-inner dark\" >\n\t\t\t<img loading=\"lazy\" decoding=\"async\" width=\"1020\" height=\"638\" src=\"https:\/\/greenmax.eu\/wp-content\/uploads\/2024\/07\/Wortelopdruk-openbare-ruimte-1280x800.jpg\" class=\"attachment-large size-large\" alt=\"Wortelopdruk openbare ruimte\" srcset=\"https:\/\/greenmax.eu\/wp-content\/uploads\/2024\/07\/Wortelopdruk-openbare-ruimte-1280x800.jpg 1280w, https:\/\/greenmax.eu\/wp-content\/uploads\/2024\/07\/Wortelopdruk-openbare-ruimte-640x400.jpg 640w, https:\/\/greenmax.eu\/wp-content\/uploads\/2024\/07\/Wortelopdruk-openbare-ruimte-300x188.jpg 300w, https:\/\/greenmax.eu\/wp-content\/uploads\/2024\/07\/Wortelopdruk-openbare-ruimte-768x480.jpg 768w, https:\/\/greenmax.eu\/wp-content\/uploads\/2024\/07\/Wortelopdruk-openbare-ruimte-1536x960.jpg 1536w, https:\/\/greenmax.eu\/wp-content\/uploads\/2024\/07\/Wortelopdruk-openbare-ruimte.jpg 1920w\" sizes=\"auto, (max-width: 1020px) 100vw, 1020px\" \/>\t\t\t\t\t\t\n\t\t\t\t\t<\/div>\n\t\t\t\t\t\t\t\t\n<style>\n#image_1470677434 {\n  width: 100%;\n}\n<\/style>\n\t<\/div>\n\t\n<p><span style=\"font-size: 85%;\"><em>Wurzeldruck im \u00f6ffentlichen Raum<\/em><\/span><\/p>\n\t<div id=\"gap-436133402\" class=\"gap-element clearfix\" style=\"display:block; height:auto;\">\n\t\t\n<style>\n#gap-436133402 {\n  padding-top: 20px;\n}\n<\/style>\n\t<\/div>\n\t\n<h3><strong>Gr\u00fcn in Grau integrieren<\/strong><\/h3>\n<p>Lasst uns ab sofort nicht mehr in den Begriffen \u201eGr\u00fcn <u>oder <\/u> Grau\u201c denken, sondern in \u201eGr\u00fcn <u>und<\/u> Grau\u201c. Dies muss n\u00e4mlich keine Wahl sein. Mit den richtigen Werkzeugen und Techniken kann Gr\u00fcn nahtlos in graue Infrastrukturen integriert werden. In den letzten Jahren wurden innovative Projekte gebaut, bei denen Gr\u00fcn und Infrastruktur Hand in Hand gehen.<\/p>\n\t<div class=\"img has-hover x md-x lg-x y md-y lg-y\" id=\"image_1939829618\">\n\t\t\t\t\t\t\t\t<div class=\"img-inner dark\" >\n\t\t\t<img loading=\"lazy\" decoding=\"async\" width=\"1020\" height=\"638\" src=\"https:\/\/greenmax.eu\/wp-content\/uploads\/2024\/07\/Trudo-Toren-GreenMax-1280x800.jpg\" class=\"attachment-large size-large\" alt=\"Trudo Toren - GreenMax\" srcset=\"https:\/\/greenmax.eu\/wp-content\/uploads\/2024\/07\/Trudo-Toren-GreenMax-1280x800.jpg 1280w, https:\/\/greenmax.eu\/wp-content\/uploads\/2024\/07\/Trudo-Toren-GreenMax-640x400.jpg 640w, https:\/\/greenmax.eu\/wp-content\/uploads\/2024\/07\/Trudo-Toren-GreenMax-300x188.jpg 300w, https:\/\/greenmax.eu\/wp-content\/uploads\/2024\/07\/Trudo-Toren-GreenMax-768x480.jpg 768w, https:\/\/greenmax.eu\/wp-content\/uploads\/2024\/07\/Trudo-Toren-GreenMax-1536x960.jpg 1536w, https:\/\/greenmax.eu\/wp-content\/uploads\/2024\/07\/Trudo-Toren-GreenMax.jpg 1920w\" sizes=\"auto, (max-width: 1020px) 100vw, 1020px\" \/>\t\t\t\t\t\t\n\t\t\t\t\t<\/div>\n\t\t\t\t\t\t\t\t\n<style>\n#image_1939829618 {\n  width: 100%;\n}\n<\/style>\n\t<\/div>\n\t\n<p><em><span style=\"font-size: 85%;\">Der Trudo Tower, der vertikale Wald in Eindhoven<\/span><\/em><\/p>\n\t<div id=\"gap-263655806\" class=\"gap-element clearfix\" style=\"display:block; height:auto;\">\n\t\t\n<style>\n#gap-263655806 {\n  padding-top: 20px;\n}\n<\/style>\n\t<\/div>\n\t\n<h3><strong>Trudo Toren in Eindhoven<\/strong><\/h3>\n<p>Der <a href=\"https:\/\/www.trudo.nl\/trudo-toren\" target=\"_blank\" rel=\"noopener\">Trudo Toren<\/a>, gelegen im kreativen Stadtgebiet Strijp-S in Eindhoven, ist ein imposantes Beispiel f\u00fcr ein Projekt, bei dem Gr\u00fcn in Grau integriert ist. Dieser vertikale Wald ist 70 Meter hoch und bietet Platz f\u00fcr 125 ausgewachsene B\u00e4ume (bis zu 6,5 Meter hoch) und 5.200 Str\u00e4ucher, Pflanzen, Kletterpflanzen und H\u00e4ngepflanzen. Der Turm wurde von dem Architekten Stefano Boeri entworfen, der auch f\u00fcr Bosco Verticale in Mailand bekannt ist. Bosco Verticale besteht aus zwei Wolkenkratzern mit H\u00f6hen von 111 und 76 Metern. Zusammen bieten die T\u00fcrme Platz f\u00fcr 730 B\u00e4ume, 5.000 Str\u00e4ucher und mehr als 12.000 andere Pflanzen. Das Pflanzen von B\u00e4umen auf hoch aufragenden Geb\u00e4uden stellt eine Herausforderung dar, da sie in solchen H\u00f6hen starken Winden ausgesetzt sind. Die Stabilit\u00e4t der B\u00e4ume ist ein wichtiger Faktor, um die Sicherheit der Bewohner und Stadtbesucher zu gew\u00e4hrleisten. Daf\u00fcr wurde im Trudo Toren die <a href=\"https:\/\/greenmax.eu\/de\/loesungen\/baumverankerung\/wurzelballenverankerung\/\">Wurzelballenverankerung <\/a> von GreenMax eingesetzt. Die Wurzelballenverankerung bietet B\u00e4umen unterirdische Stabilit\u00e4t und gleichzeitig die nat\u00fcrliche Bewegungsfreiheit. Bisher haben verschiedene Windgeschwindigkeiten am Trudo Toren vorbeigezogen, und die B\u00e4ume stehen immer noch aufrecht.<\/p>\n\t<div class=\"img has-hover x md-x lg-x y md-y lg-y\" id=\"image_1521486422\">\n\t\t\t\t\t\t\t\t<div class=\"img-inner dark\" >\n\t\t\t<img loading=\"lazy\" decoding=\"async\" width=\"1020\" height=\"638\" src=\"https:\/\/greenmax.eu\/wp-content\/uploads\/2024\/07\/Wonderwoods-GreenMax-1280x800.jpg\" class=\"attachment-large size-large\" alt=\"Wonderwoods - GreenMax\" srcset=\"https:\/\/greenmax.eu\/wp-content\/uploads\/2024\/07\/Wonderwoods-GreenMax-1280x800.jpg 1280w, https:\/\/greenmax.eu\/wp-content\/uploads\/2024\/07\/Wonderwoods-GreenMax-640x400.jpg 640w, https:\/\/greenmax.eu\/wp-content\/uploads\/2024\/07\/Wonderwoods-GreenMax-300x188.jpg 300w, https:\/\/greenmax.eu\/wp-content\/uploads\/2024\/07\/Wonderwoods-GreenMax-768x480.jpg 768w, https:\/\/greenmax.eu\/wp-content\/uploads\/2024\/07\/Wonderwoods-GreenMax-1536x960.jpg 1536w, https:\/\/greenmax.eu\/wp-content\/uploads\/2024\/07\/Wonderwoods-GreenMax.jpg 1920w\" sizes=\"auto, (max-width: 1020px) 100vw, 1020px\" \/>\t\t\t\t\t\t\n\t\t\t\t\t<\/div>\n\t\t\t\t\t\t\t\t\n<style>\n#image_1521486422 {\n  width: 100%;\n}\n<\/style>\n\t<\/div>\n\t\n<p><span style=\"font-size: 85%;\"><em>B\u00e4ume in spektakul\u00e4ren H\u00f6hen bei Wonderwoods in Utrecht. Bildquelle: Wonderwoods<\/em><\/span><\/p>\n\t<div id=\"gap-705590281\" class=\"gap-element clearfix\" style=\"display:block; height:auto;\">\n\t\t\n<style>\n#gap-705590281 {\n  padding-top: 20px;\n}\n<\/style>\n\t<\/div>\n\t\n<h3><strong>Wonderwoods in Utrecht<\/strong><\/h3>\n<p><a href=\"https:\/\/wonderwoods.com\/\" target=\"_blank\" rel=\"noopener\">Wonderwoods <\/a> ist ein einzigartiger und innovativer Turm im Herzen von Utrecht, der urbanes Wohnen mit Natur verbindet. Mit einem vertikalen Wald von 360 B\u00e4umen und fast 10.000 Pflanzen wird dies das gr\u00fcne Aush\u00e4ngeschild von Utrecht. Der vertikale Stadtwald ist nicht nur sch\u00f6n anzusehen; die B\u00e4ume und Pflanzen absorbieren zusammen j\u00e4hrlich 5.400 kg CO2 und geben daf\u00fcr mehr als 41.400 kg Sauerstoff zur\u00fcck. Auch hier wurde die <a href=\"https:\/\/greenmax.eu\/de\/baeume-pflanzen-in-spektakulaerer-hoehe-bei-wonderwoods\/\">Wurzelballenverankerung von GreenMax<\/a> eingesetzt, um den B\u00e4umen die n\u00f6tige Stabilit\u00e4t zu bieten.<\/p>\n\t<div class=\"img has-hover x md-x lg-x y md-y lg-y\" id=\"image_145224773\">\n\t\t\t\t\t\t\t\t<div class=\"img-inner dark\" >\n\t\t\t<img loading=\"lazy\" decoding=\"async\" width=\"1020\" height=\"638\" src=\"https:\/\/greenmax.eu\/wp-content\/uploads\/2024\/07\/Beursplein-Amsterdam-GreenMax-1280x800.jpg\" class=\"attachment-large size-large\" alt=\"Beursplein Amsterdam - GreenMax\" srcset=\"https:\/\/greenmax.eu\/wp-content\/uploads\/2024\/07\/Beursplein-Amsterdam-GreenMax-1280x800.jpg 1280w, https:\/\/greenmax.eu\/wp-content\/uploads\/2024\/07\/Beursplein-Amsterdam-GreenMax-640x400.jpg 640w, https:\/\/greenmax.eu\/wp-content\/uploads\/2024\/07\/Beursplein-Amsterdam-GreenMax-300x188.jpg 300w, https:\/\/greenmax.eu\/wp-content\/uploads\/2024\/07\/Beursplein-Amsterdam-GreenMax-768x480.jpg 768w, https:\/\/greenmax.eu\/wp-content\/uploads\/2024\/07\/Beursplein-Amsterdam-GreenMax-1536x960.jpg 1536w, https:\/\/greenmax.eu\/wp-content\/uploads\/2024\/07\/Beursplein-Amsterdam-GreenMax.jpg 1920w\" sizes=\"auto, (max-width: 1020px) 100vw, 1020px\" \/>\t\t\t\t\t\t\n\t\t\t\t\t<\/div>\n\t\t\t\t\t\t\t\t\n<style>\n#image_145224773 {\n  width: 100%;\n}\n<\/style>\n\t<\/div>\n\t\n<p><span style=\"font-size: 85%;\"><em>B\u00e4ume auf einer Dachkonstruktion am Beursplein in Amsterdam<\/em><\/span><\/p>\n\t<div id=\"gap-1892325781\" class=\"gap-element clearfix\" style=\"display:block; height:auto;\">\n\t\t\n<style>\n#gap-1892325781 {\n  padding-top: 20px;\n}\n<\/style>\n\t<\/div>\n\t\n<h3><strong>B\u00e4ume auf Beton-D\u00e4chern pflanzen<\/strong><\/h3>\n<p>Nicht nur vertikale W\u00e4lder sind eine L\u00f6sung, um Gr\u00fcn in graue Geb\u00e4ude zu integrieren; auch das Pflanzen von B\u00e4umen auf Betondachkonstruktionen ist eine M\u00f6glichkeit. So wurden B\u00e4ume auf dem Beursplein in Amsterdam oberhalb eines gro\u00dfen unterirdischen Fahrradkellers gepflanzt. Da sich unter dem Platz ein Fahrradkeller befindet, entsteht auf dem Platz automatisch eine Dachkonstruktion. Dies f\u00fchrte zu einer sehr geringen Aufbauh\u00f6he f\u00fcr die B\u00e4ume. Au\u00dferdem musste der Platz f\u00fcr schwere Lasten w\u00e4hrend Veranstaltungen geeignet sein, wobei Setzungsunterschiede und Wurzelaufbr\u00fcche nicht akzeptiert wurden. Das <a href=\"https:\/\/treebuilders.eu\/nl\/producten\/treeparkersysteem\/\" target=\"_blank\" rel=\"noopener\">TreeParker-System<\/a> bot hier eine L\u00f6sung. In diesem unterirdischen Baumbunkersystem erhalten B\u00e4ume zus\u00e4tzlichen Wurzelraum, ohne die umliegende Infrastruktur zu besch\u00e4digen. Dasselbe gilt f\u00fcr das Mediaplein in Antwerpen und den Place de la Com\u00e9die in Montpellier, wo B\u00e4ume im TreeParker-System \u00fcber einer unterirdischen Parkgarage gepflanzt wurden. Auf den ersten Blick scheint es, als st\u00fcnden die B\u00e4ume im Beton, aber unterirdisch haben sie alle R\u00e4ume, N\u00e4hrstoffe, Wasser und Sauerstoff, um gesund alt zu werden.<\/p>\n\t<div class=\"img has-hover x md-x lg-x y md-y lg-y\" id=\"image_2114671912\">\n\t\t\t\t\t\t\t\t<div class=\"img-inner dark\" >\n\t\t\t<img loading=\"lazy\" decoding=\"async\" width=\"1020\" height=\"638\" src=\"https:\/\/greenmax.eu\/wp-content\/uploads\/2024\/07\/Mediaplein-Antwerpen-GreenMax-1280x800.jpg\" class=\"attachment-large size-large\" alt=\"Mediaplein Antwerpen - GreenMax\" srcset=\"https:\/\/greenmax.eu\/wp-content\/uploads\/2024\/07\/Mediaplein-Antwerpen-GreenMax-1280x800.jpg 1280w, https:\/\/greenmax.eu\/wp-content\/uploads\/2024\/07\/Mediaplein-Antwerpen-GreenMax-640x400.jpg 640w, https:\/\/greenmax.eu\/wp-content\/uploads\/2024\/07\/Mediaplein-Antwerpen-GreenMax-300x188.jpg 300w, https:\/\/greenmax.eu\/wp-content\/uploads\/2024\/07\/Mediaplein-Antwerpen-GreenMax-768x480.jpg 768w, https:\/\/greenmax.eu\/wp-content\/uploads\/2024\/07\/Mediaplein-Antwerpen-GreenMax-1536x960.jpg 1536w, https:\/\/greenmax.eu\/wp-content\/uploads\/2024\/07\/Mediaplein-Antwerpen-GreenMax-2048x1280.jpg 2048w\" sizes=\"auto, (max-width: 1020px) 100vw, 1020px\" \/>\t\t\t\t\t\t\n\t\t\t\t\t<\/div>\n\t\t\t\t\t\t\t\t\n<style>\n#image_2114671912 {\n  width: 100%;\n}\n<\/style>\n\t<\/div>\n\t\n<p><span style=\"font-size: 85%;\"><em>B\u00e4ume auf einer Dachkonstruktion am Beursplein in Amsterdam<\/em><\/span><\/p>\n\t<div id=\"gap-997020743\" class=\"gap-element clearfix\" style=\"display:block; height:auto;\">\n\t\t\n<style>\n#gap-997020743 {\n  padding-top: 20px;\n}\n<\/style>\n\t<\/div>\n\t\n<h3><strong>Zusammenarbeit zwischen Sektoren<\/strong><\/h3>\n<p>Die Notwendigkeit einer guten Planung und Vorbereitung betont die Bedeutung eines integrierten Ansatzes zwischen dem Gr\u00fcn- und dem Infrastruktursektor. Durch die St\u00e4rkung der Zusammenarbeit dieser Sektoren k\u00f6nnen innovative L\u00f6sungen entwickelt werden, die sowohl dem st\u00e4dtischen Gr\u00fcn als auch der Infrastruktur zugutekommen. Dies f\u00fchrt zu einer zukunftssicheren und lebenswerten Umgebung, in der Menschen gerne wohnen, arbeiten und sich erholen. Eine wertvolle und zudem notwendige Investition f\u00fcr zuk\u00fcnftige Generationen.<\/p>\n","protected":false},"excerpt":{"rendered":"<p>Datum: 16.07.2024 Im vergangenen Monat wurde ein Bericht der Green City Challenge ver\u00f6ffentlicht, der zeigt, dass die Begr\u00fcnung in vielen niederl\u00e4ndischen St\u00e4dten und D\u00f6rfern abnimmt. Es geht hierbei um die Begr\u00fcnung st\u00e4dtischer Lebensr\u00e4ume wie \u00f6ffentliche Gr\u00fcnfl\u00e4chen und G\u00e4rten. Der Bericht \u201eSorge f\u00fcr Gr\u00fcn\u201c der Rotterdamer Rechnungspr\u00fcfungskammer zeigt, dass der Wunsch, St\u00e4dte zu begr\u00fcnen, gro\u00df ist, [&#8230;]\n","protected":false},"author":1,"featured_media":19294,"comment_status":"closed","ping_status":"closed","sticky":false,"template":"","format":"standard","meta":{"footnotes":"","_wp_rev_ctl_limit":""},"categories":[216],"tags":[],"class_list":["post-19346","post","type-post","status-publish","format-standard","has-post-thumbnail","hentry","category-greenmax-nachrichten-blog"],"yoast_head":"<!-- This site is optimized with the Yoast SEO plugin v27.4 - https:\/\/yoast.com\/product\/yoast-seo-wordpress\/ -->\n<title>Gr\u00fcn oder Grau im \u00f6ffentlichen Raum: Muss das eine Wahl sein?<\/title>\n<meta name=\"description\" content=\"St\u00e4dte stehen im Zwiespalt: Platz f\u00fcr Gr\u00fcn oder Wohnungsbau? Lesen Sie mehr \u00fcber die Integration von Gr\u00fcnfl\u00e4chen in die Infrastruktur.\" \/>\n<meta name=\"robots\" content=\"index, follow, max-snippet:-1, max-image-preview:large, max-video-preview:-1\" \/>\n<link rel=\"canonical\" href=\"https:\/\/greenmax.eu\/de\/gruen-oder-grau-im-oeffentlichen-raum-muss-das-eine-wahl-sein\/\" \/>\n<meta property=\"og:locale\" content=\"de_DE\" \/>\n<meta property=\"og:type\" content=\"article\" \/>\n<meta property=\"og:title\" content=\"Gr\u00fcn oder Grau im \u00f6ffentlichen Raum: Muss das eine Wahl sein?\" \/>\n<meta property=\"og:description\" content=\"St\u00e4dte stehen im Zwiespalt: Platz f\u00fcr Gr\u00fcn oder Wohnungsbau? Lesen Sie mehr \u00fcber die Integration von Gr\u00fcnfl\u00e4chen in die Infrastruktur.\" \/>\n<meta property=\"og:url\" content=\"https:\/\/greenmax.eu\/de\/gruen-oder-grau-im-oeffentlichen-raum-muss-das-eine-wahl-sein\/\" \/>\n<meta property=\"og:site_name\" content=\"GreenMax\" \/>\n<meta property=\"article:published_time\" content=\"2024-07-16T11:22:45+00:00\" \/>\n<meta property=\"article:modified_time\" content=\"2024-07-16T13:42:22+00:00\" \/>\n<meta property=\"og:image\" content=\"https:\/\/greenmax.eu\/wp-content\/uploads\/2024\/07\/Groen-en-grijs-GreenMax-Blog.jpg\" \/>\n\t<meta property=\"og:image:width\" content=\"1920\" \/>\n\t<meta property=\"og:image:height\" content=\"1200\" \/>\n\t<meta property=\"og:image:type\" content=\"image\/jpeg\" \/>\n<meta name=\"author\" content=\"GreenMax B.V.\" \/>\n<meta name=\"twitter:card\" content=\"summary_large_image\" \/>\n<meta name=\"twitter:label1\" content=\"Verfasst von\" \/>\n\t<meta name=\"twitter:data1\" content=\"GreenMax B.V.\" \/>\n\t<meta name=\"twitter:label2\" content=\"Gesch\u00e4tzte Lesezeit\" \/>\n\t<meta name=\"twitter:data2\" content=\"7\u00a0Minuten\" \/>\n<script type=\"application\/ld+json\" class=\"yoast-schema-graph\">{\"@context\":\"https:\\\/\\\/schema.org\",\"@graph\":[{\"@type\":\"Article\",\"@id\":\"https:\\\/\\\/greenmax.eu\\\/de\\\/gruen-oder-grau-im-oeffentlichen-raum-muss-das-eine-wahl-sein\\\/#article\",\"isPartOf\":{\"@id\":\"https:\\\/\\\/greenmax.eu\\\/de\\\/gruen-oder-grau-im-oeffentlichen-raum-muss-das-eine-wahl-sein\\\/\"},\"author\":{\"name\":\"GreenMax B.V.\",\"@id\":\"https:\\\/\\\/greenmax.eu\\\/de\\\/#\\\/schema\\\/person\\\/8c0b1df35233839b5ce4e4455011a895\"},\"headline\":\"Gr\u00fcn oder Grau im \u00f6ffentlichen Raum: Muss das eine Wahl sein?\",\"datePublished\":\"2024-07-16T11:22:45+00:00\",\"dateModified\":\"2024-07-16T13:42:22+00:00\",\"mainEntityOfPage\":{\"@id\":\"https:\\\/\\\/greenmax.eu\\\/de\\\/gruen-oder-grau-im-oeffentlichen-raum-muss-das-eine-wahl-sein\\\/\"},\"wordCount\":1482,\"publisher\":{\"@id\":\"https:\\\/\\\/greenmax.eu\\\/de\\\/#organization\"},\"image\":{\"@id\":\"https:\\\/\\\/greenmax.eu\\\/de\\\/gruen-oder-grau-im-oeffentlichen-raum-muss-das-eine-wahl-sein\\\/#primaryimage\"},\"thumbnailUrl\":\"https:\\\/\\\/greenmax.eu\\\/wp-content\\\/uploads\\\/2024\\\/07\\\/Groen-en-grijs-GreenMax-Blog.jpg\",\"articleSection\":[\"GreenMax - Nachrichten &amp; Blog\"],\"inLanguage\":\"de\"},{\"@type\":\"WebPage\",\"@id\":\"https:\\\/\\\/greenmax.eu\\\/de\\\/gruen-oder-grau-im-oeffentlichen-raum-muss-das-eine-wahl-sein\\\/\",\"url\":\"https:\\\/\\\/greenmax.eu\\\/de\\\/gruen-oder-grau-im-oeffentlichen-raum-muss-das-eine-wahl-sein\\\/\",\"name\":\"Gr\u00fcn oder Grau im \u00f6ffentlichen Raum: Muss das eine Wahl sein?\",\"isPartOf\":{\"@id\":\"https:\\\/\\\/greenmax.eu\\\/de\\\/#website\"},\"primaryImageOfPage\":{\"@id\":\"https:\\\/\\\/greenmax.eu\\\/de\\\/gruen-oder-grau-im-oeffentlichen-raum-muss-das-eine-wahl-sein\\\/#primaryimage\"},\"image\":{\"@id\":\"https:\\\/\\\/greenmax.eu\\\/de\\\/gruen-oder-grau-im-oeffentlichen-raum-muss-das-eine-wahl-sein\\\/#primaryimage\"},\"thumbnailUrl\":\"https:\\\/\\\/greenmax.eu\\\/wp-content\\\/uploads\\\/2024\\\/07\\\/Groen-en-grijs-GreenMax-Blog.jpg\",\"datePublished\":\"2024-07-16T11:22:45+00:00\",\"dateModified\":\"2024-07-16T13:42:22+00:00\",\"description\":\"St\u00e4dte stehen im Zwiespalt: Platz f\u00fcr Gr\u00fcn oder Wohnungsbau? Lesen Sie mehr \u00fcber die Integration von Gr\u00fcnfl\u00e4chen in die Infrastruktur.\",\"breadcrumb\":{\"@id\":\"https:\\\/\\\/greenmax.eu\\\/de\\\/gruen-oder-grau-im-oeffentlichen-raum-muss-das-eine-wahl-sein\\\/#breadcrumb\"},\"inLanguage\":\"de\",\"potentialAction\":[{\"@type\":\"ReadAction\",\"target\":[\"https:\\\/\\\/greenmax.eu\\\/de\\\/gruen-oder-grau-im-oeffentlichen-raum-muss-das-eine-wahl-sein\\\/\"]}]},{\"@type\":\"ImageObject\",\"inLanguage\":\"de\",\"@id\":\"https:\\\/\\\/greenmax.eu\\\/de\\\/gruen-oder-grau-im-oeffentlichen-raum-muss-das-eine-wahl-sein\\\/#primaryimage\",\"url\":\"https:\\\/\\\/greenmax.eu\\\/wp-content\\\/uploads\\\/2024\\\/07\\\/Groen-en-grijs-GreenMax-Blog.jpg\",\"contentUrl\":\"https:\\\/\\\/greenmax.eu\\\/wp-content\\\/uploads\\\/2024\\\/07\\\/Groen-en-grijs-GreenMax-Blog.jpg\",\"width\":1920,\"height\":1200,\"caption\":\"Groen en grijs - GreenMax Blog\"},{\"@type\":\"BreadcrumbList\",\"@id\":\"https:\\\/\\\/greenmax.eu\\\/de\\\/gruen-oder-grau-im-oeffentlichen-raum-muss-das-eine-wahl-sein\\\/#breadcrumb\",\"itemListElement\":[{\"@type\":\"ListItem\",\"position\":1,\"name\":\"Home\",\"item\":\"https:\\\/\\\/greenmax.eu\\\/de\\\/\"},{\"@type\":\"ListItem\",\"position\":2,\"name\":\"Gr\u00fcn oder Grau im \u00f6ffentlichen Raum: Muss das eine Wahl sein?\"}]},{\"@type\":\"WebSite\",\"@id\":\"https:\\\/\\\/greenmax.eu\\\/de\\\/#website\",\"url\":\"https:\\\/\\\/greenmax.eu\\\/de\\\/\",\"name\":\"GreenMax\",\"description\":\"Groen &amp; Infrastructuur verbinden\",\"publisher\":{\"@id\":\"https:\\\/\\\/greenmax.eu\\\/de\\\/#organization\"},\"potentialAction\":[{\"@type\":\"SearchAction\",\"target\":{\"@type\":\"EntryPoint\",\"urlTemplate\":\"https:\\\/\\\/greenmax.eu\\\/de\\\/?s={search_term_string}\"},\"query-input\":{\"@type\":\"PropertyValueSpecification\",\"valueRequired\":true,\"valueName\":\"search_term_string\"}}],\"inLanguage\":\"de\"},{\"@type\":\"Organization\",\"@id\":\"https:\\\/\\\/greenmax.eu\\\/de\\\/#organization\",\"name\":\"GreenMax B.V.\",\"url\":\"https:\\\/\\\/greenmax.eu\\\/de\\\/\",\"logo\":{\"@type\":\"ImageObject\",\"inLanguage\":\"de\",\"@id\":\"https:\\\/\\\/greenmax.eu\\\/de\\\/#\\\/schema\\\/logo\\\/image\\\/\",\"url\":\"https:\\\/\\\/greenmax.eu\\\/wp-content\\\/uploads\\\/2022\\\/07\\\/greenmax-logo-nieuw-2022.png\",\"contentUrl\":\"https:\\\/\\\/greenmax.eu\\\/wp-content\\\/uploads\\\/2022\\\/07\\\/greenmax-logo-nieuw-2022.png\",\"width\":800,\"height\":248,\"caption\":\"GreenMax B.V.\"},\"image\":{\"@id\":\"https:\\\/\\\/greenmax.eu\\\/de\\\/#\\\/schema\\\/logo\\\/image\\\/\"}},{\"@type\":\"Person\",\"@id\":\"https:\\\/\\\/greenmax.eu\\\/de\\\/#\\\/schema\\\/person\\\/8c0b1df35233839b5ce4e4455011a895\",\"name\":\"GreenMax B.V.\",\"sameAs\":[\"http:\\\/\\\/dev.greenmax.eu\"],\"url\":\"https:\\\/\\\/greenmax.eu\\\/de\\\/author\\\/greenmax\\\/\"}]}<\/script>\n<!-- \/ Yoast SEO plugin. -->","yoast_head_json":{"title":"Gr\u00fcn oder Grau im \u00f6ffentlichen Raum: Muss das eine Wahl sein?","description":"St\u00e4dte stehen im Zwiespalt: Platz f\u00fcr Gr\u00fcn oder Wohnungsbau? Lesen Sie mehr \u00fcber die Integration von Gr\u00fcnfl\u00e4chen in die Infrastruktur.","robots":{"index":"index","follow":"follow","max-snippet":"max-snippet:-1","max-image-preview":"max-image-preview:large","max-video-preview":"max-video-preview:-1"},"canonical":"https:\/\/greenmax.eu\/de\/gruen-oder-grau-im-oeffentlichen-raum-muss-das-eine-wahl-sein\/","og_locale":"de_DE","og_type":"article","og_title":"Gr\u00fcn oder Grau im \u00f6ffentlichen Raum: Muss das eine Wahl sein?","og_description":"St\u00e4dte stehen im Zwiespalt: Platz f\u00fcr Gr\u00fcn oder Wohnungsbau? Lesen Sie mehr \u00fcber die Integration von Gr\u00fcnfl\u00e4chen in die Infrastruktur.","og_url":"https:\/\/greenmax.eu\/de\/gruen-oder-grau-im-oeffentlichen-raum-muss-das-eine-wahl-sein\/","og_site_name":"GreenMax","article_published_time":"2024-07-16T11:22:45+00:00","article_modified_time":"2024-07-16T13:42:22+00:00","og_image":[{"width":1920,"height":1200,"url":"https:\/\/greenmax.eu\/wp-content\/uploads\/2024\/07\/Groen-en-grijs-GreenMax-Blog.jpg","type":"image\/jpeg"}],"author":"GreenMax B.V.","twitter_card":"summary_large_image","twitter_misc":{"Verfasst von":"GreenMax B.V.","Gesch\u00e4tzte Lesezeit":"7\u00a0Minuten"},"schema":{"@context":"https:\/\/schema.org","@graph":[{"@type":"Article","@id":"https:\/\/greenmax.eu\/de\/gruen-oder-grau-im-oeffentlichen-raum-muss-das-eine-wahl-sein\/#article","isPartOf":{"@id":"https:\/\/greenmax.eu\/de\/gruen-oder-grau-im-oeffentlichen-raum-muss-das-eine-wahl-sein\/"},"author":{"name":"GreenMax B.V.","@id":"https:\/\/greenmax.eu\/de\/#\/schema\/person\/8c0b1df35233839b5ce4e4455011a895"},"headline":"Gr\u00fcn oder Grau im \u00f6ffentlichen Raum: Muss das eine Wahl sein?","datePublished":"2024-07-16T11:22:45+00:00","dateModified":"2024-07-16T13:42:22+00:00","mainEntityOfPage":{"@id":"https:\/\/greenmax.eu\/de\/gruen-oder-grau-im-oeffentlichen-raum-muss-das-eine-wahl-sein\/"},"wordCount":1482,"publisher":{"@id":"https:\/\/greenmax.eu\/de\/#organization"},"image":{"@id":"https:\/\/greenmax.eu\/de\/gruen-oder-grau-im-oeffentlichen-raum-muss-das-eine-wahl-sein\/#primaryimage"},"thumbnailUrl":"https:\/\/greenmax.eu\/wp-content\/uploads\/2024\/07\/Groen-en-grijs-GreenMax-Blog.jpg","articleSection":["GreenMax - Nachrichten &amp; Blog"],"inLanguage":"de"},{"@type":"WebPage","@id":"https:\/\/greenmax.eu\/de\/gruen-oder-grau-im-oeffentlichen-raum-muss-das-eine-wahl-sein\/","url":"https:\/\/greenmax.eu\/de\/gruen-oder-grau-im-oeffentlichen-raum-muss-das-eine-wahl-sein\/","name":"Gr\u00fcn oder Grau im \u00f6ffentlichen Raum: Muss das eine Wahl sein?","isPartOf":{"@id":"https:\/\/greenmax.eu\/de\/#website"},"primaryImageOfPage":{"@id":"https:\/\/greenmax.eu\/de\/gruen-oder-grau-im-oeffentlichen-raum-muss-das-eine-wahl-sein\/#primaryimage"},"image":{"@id":"https:\/\/greenmax.eu\/de\/gruen-oder-grau-im-oeffentlichen-raum-muss-das-eine-wahl-sein\/#primaryimage"},"thumbnailUrl":"https:\/\/greenmax.eu\/wp-content\/uploads\/2024\/07\/Groen-en-grijs-GreenMax-Blog.jpg","datePublished":"2024-07-16T11:22:45+00:00","dateModified":"2024-07-16T13:42:22+00:00","description":"St\u00e4dte stehen im Zwiespalt: Platz f\u00fcr Gr\u00fcn oder Wohnungsbau? Lesen Sie mehr \u00fcber die Integration von Gr\u00fcnfl\u00e4chen in die Infrastruktur.","breadcrumb":{"@id":"https:\/\/greenmax.eu\/de\/gruen-oder-grau-im-oeffentlichen-raum-muss-das-eine-wahl-sein\/#breadcrumb"},"inLanguage":"de","potentialAction":[{"@type":"ReadAction","target":["https:\/\/greenmax.eu\/de\/gruen-oder-grau-im-oeffentlichen-raum-muss-das-eine-wahl-sein\/"]}]},{"@type":"ImageObject","inLanguage":"de","@id":"https:\/\/greenmax.eu\/de\/gruen-oder-grau-im-oeffentlichen-raum-muss-das-eine-wahl-sein\/#primaryimage","url":"https:\/\/greenmax.eu\/wp-content\/uploads\/2024\/07\/Groen-en-grijs-GreenMax-Blog.jpg","contentUrl":"https:\/\/greenmax.eu\/wp-content\/uploads\/2024\/07\/Groen-en-grijs-GreenMax-Blog.jpg","width":1920,"height":1200,"caption":"Groen en grijs - GreenMax Blog"},{"@type":"BreadcrumbList","@id":"https:\/\/greenmax.eu\/de\/gruen-oder-grau-im-oeffentlichen-raum-muss-das-eine-wahl-sein\/#breadcrumb","itemListElement":[{"@type":"ListItem","position":1,"name":"Home","item":"https:\/\/greenmax.eu\/de\/"},{"@type":"ListItem","position":2,"name":"Gr\u00fcn oder Grau im \u00f6ffentlichen Raum: Muss das eine Wahl sein?"}]},{"@type":"WebSite","@id":"https:\/\/greenmax.eu\/de\/#website","url":"https:\/\/greenmax.eu\/de\/","name":"GreenMax","description":"Groen &amp; Infrastructuur verbinden","publisher":{"@id":"https:\/\/greenmax.eu\/de\/#organization"},"potentialAction":[{"@type":"SearchAction","target":{"@type":"EntryPoint","urlTemplate":"https:\/\/greenmax.eu\/de\/?s={search_term_string}"},"query-input":{"@type":"PropertyValueSpecification","valueRequired":true,"valueName":"search_term_string"}}],"inLanguage":"de"},{"@type":"Organization","@id":"https:\/\/greenmax.eu\/de\/#organization","name":"GreenMax B.V.","url":"https:\/\/greenmax.eu\/de\/","logo":{"@type":"ImageObject","inLanguage":"de","@id":"https:\/\/greenmax.eu\/de\/#\/schema\/logo\/image\/","url":"https:\/\/greenmax.eu\/wp-content\/uploads\/2022\/07\/greenmax-logo-nieuw-2022.png","contentUrl":"https:\/\/greenmax.eu\/wp-content\/uploads\/2022\/07\/greenmax-logo-nieuw-2022.png","width":800,"height":248,"caption":"GreenMax B.V."},"image":{"@id":"https:\/\/greenmax.eu\/de\/#\/schema\/logo\/image\/"}},{"@type":"Person","@id":"https:\/\/greenmax.eu\/de\/#\/schema\/person\/8c0b1df35233839b5ce4e4455011a895","name":"GreenMax B.V.","sameAs":["http:\/\/dev.greenmax.eu"],"url":"https:\/\/greenmax.eu\/de\/author\/greenmax\/"}]}},"_links":{"self":[{"href":"https:\/\/greenmax.eu\/de\/wp-json\/wp\/v2\/posts\/19346","targetHints":{"allow":["GET"]}}],"collection":[{"href":"https:\/\/greenmax.eu\/de\/wp-json\/wp\/v2\/posts"}],"about":[{"href":"https:\/\/greenmax.eu\/de\/wp-json\/wp\/v2\/types\/post"}],"author":[{"embeddable":true,"href":"https:\/\/greenmax.eu\/de\/wp-json\/wp\/v2\/users\/1"}],"replies":[{"embeddable":true,"href":"https:\/\/greenmax.eu\/de\/wp-json\/wp\/v2\/comments?post=19346"}],"version-history":[{"count":4,"href":"https:\/\/greenmax.eu\/de\/wp-json\/wp\/v2\/posts\/19346\/revisions"}],"predecessor-version":[{"id":19352,"href":"https:\/\/greenmax.eu\/de\/wp-json\/wp\/v2\/posts\/19346\/revisions\/19352"}],"wp:featuredmedia":[{"embeddable":true,"href":"https:\/\/greenmax.eu\/de\/wp-json\/wp\/v2\/media\/19294"}],"wp:attachment":[{"href":"https:\/\/greenmax.eu\/de\/wp-json\/wp\/v2\/media?parent=19346"}],"wp:term":[{"taxonomy":"category","embeddable":true,"href":"https:\/\/greenmax.eu\/de\/wp-json\/wp\/v2\/categories?post=19346"},{"taxonomy":"post_tag","embeddable":true,"href":"https:\/\/greenmax.eu\/de\/wp-json\/wp\/v2\/tags?post=19346"}],"curies":[{"name":"wp","href":"https:\/\/api.w.org\/{rel}","templated":true}]}}